{"id":213,"date":"2023-07-12T14:31:50","date_gmt":"2023-07-12T14:31:50","guid":{"rendered":"https:\/\/new.flamenco-eva.ch\/?p=213"},"modified":"2023-07-12T14:52:11","modified_gmt":"2023-07-12T14:52:11","slug":"stage-1","status":"publish","type":"post","link":"https:\/\/flamenco-eva.ch\/?p=213","title":{"rendered":"Stage de danse Flamenca 2019 (8\u00e8me \u00e9dition) avec Almudena Serrano"},"content":{"rendered":"\n<figure class=\"wp-block-image\"><img decoding=\"async\" src=\"https:\/\/flamenco-eva.ch\/images\/almudena1.jpg\" alt=\"spectacle\"\/><\/figure>\n\n\n\n<p>N\u00e9e \u00e0 Puerto de Santa Mar\u00eca (C\u00e0diz), elle se forme aupr\u00e8s de la c\u00e9l\u00e8bre danseuse et professeure Angelita G\u00f2mez, dans le plus pur style de Jerez de la Frontera, berceau du Flamenco. Elle est invit\u00e9e \u00e0 participer \u00e0 de nombreux Festivals de Flamenco en Europe (Jerez, Sevilla, Granada, Puerto de Santa Mar\u00eca, Paris, Mont de Marsan) et aux Etats-Unis (New York, San Francisco), en Cor\u00e9e, au Mexique, \u00e0 Cuba.<\/p>\n\n\n\n<figure class=\"wp-block-image\"><img decoding=\"async\" src=\"https:\/\/flamenco-eva.ch\/images\/almudena2.jpg\" alt=\"spectacle\"\/><\/figure>\n\n\n\n<p>Elle montre sa sublime danse dans tous les tablaos de renom \u00e0 Madrid, Barcelona, Granada, Sevilla et New York. Parall\u00e8lement \u00e0 sa carri\u00e8re de danseuse, elle se lance avec grand succ\u00e8s dans l\u2019enseignement de la danse flamenca. Son style tr\u00e8s pur, sa beaut\u00e9 et son enthousiasme font d\u2019elle une enseignante hors du commun.<\/p>\n\n\n\n<h3 class=\"wp-block-heading\">Pr\u00e9avis de stage de danse flamenco :<\/h3>\n\n\n\n<p>Nous avons la chance de la faire venir chez nous ! Et c\u2019est avec joie que nous pouvons vous annoncer sa venue au Studio Flamenco Eva de Denges pour un stage de 3 jours <strong>du 11 au 13 octobre 2019<\/strong>.<\/p>\n","protected":false},"excerpt":{"rendered":"<p>N\u00e9e \u00e0 Puerto de Santa Mar\u00eca (C\u00e0diz), elle se forme aupr\u00e8s de la c\u00e9l\u00e8bre danseuse et professeure Angelita G\u00f2mez, dans le plus pur style de Jerez de la Frontera, berceau du Flamenco. Elle est invit\u00e9e \u00e0 participer \u00e0 de nombreux Festivals de Flamenco en Europe (Jerez, Sevilla, Granada, Puerto de Santa Mar\u00eca, Paris, Mont de&#8230;<\/p>\n","protected":false},"author":1,"featured_media":225,"comment_status":"closed","ping_status":"closed","sticky":false,"template":"","format":"standard","meta":[],"categories":[15],"tags":[],"_links":{"self":[{"href":"https:\/\/flamenco-eva.ch\/index.php?rest_route=\/wp\/v2\/posts\/213"}],"collection":[{"href":"https:\/\/flamenco-eva.ch\/index.php?rest_route=\/wp\/v2\/posts"}],"about":[{"href":"https:\/\/flamenco-eva.ch\/index.php?rest_route=\/wp\/v2\/types\/post"}],"author":[{"embeddable":true,"href":"https:\/\/flamenco-eva.ch\/index.php?rest_route=\/wp\/v2\/users\/1"}],"replies":[{"embeddable":true,"href":"https:\/\/flamenco-eva.ch\/index.php?rest_route=%2Fwp%2Fv2%2Fcomments&post=213"}],"version-history":[{"count":6,"href":"https:\/\/flamenco-eva.ch\/index.php?rest_route=\/wp\/v2\/posts\/213\/revisions"}],"predecessor-version":[{"id":241,"href":"https:\/\/flamenco-eva.ch\/index.php?rest_route=\/wp\/v2\/posts\/213\/revisions\/241"}],"wp:featuredmedia":[{"embeddable":true,"href":"https:\/\/flamenco-eva.ch\/index.php?rest_route=\/wp\/v2\/media\/225"}],"wp:attachment":[{"href":"https:\/\/flamenco-eva.ch\/index.php?rest_route=%2Fwp%2Fv2%2Fmedia&parent=213"}],"wp:term":[{"taxonomy":"category","embeddable":true,"href":"https:\/\/flamenco-eva.ch\/index.php?rest_route=%2Fwp%2Fv2%2Fcategories&post=213"},{"taxonomy":"post_tag","embeddable":true,"href":"https:\/\/flamenco-eva.ch\/index.php?rest_route=%2Fwp%2Fv2%2Ftags&post=213"}],"curies":[{"name":"wp","href":"https:\/\/api.w.org\/{rel}","templated":true}]}}