{"id":238,"date":"2023-07-12T14:44:53","date_gmt":"2023-07-12T14:44:53","guid":{"rendered":"https:\/\/new.flamenco-eva.ch\/?p=238"},"modified":"2023-07-12T14:45:02","modified_gmt":"2023-07-12T14:45:02","slug":"nouveau-site-web","status":"publish","type":"post","link":"https:\/\/flamenco-eva.ch\/?p=238","title":{"rendered":"Nouveau Site Web!"},"content":{"rendered":"\n<p>Le site du Studio Flamenco Eva fait (enfin) peau neuve! N&rsquo;h\u00e9sitez pas \u00e0 le consulter r\u00e9guli\u00e8rement pour voir toutes les nouveaut\u00e9s.<\/p>\n","protected":false},"excerpt":{"rendered":"<p>Le site du Studio Flamenco Eva fait (enfin) peau neuve! N&rsquo;h\u00e9sitez pas \u00e0 le consulter r\u00e9guli\u00e8rement pour voir toutes les nouveaut\u00e9s.<\/p>\n","protected":false},"author":1,"featured_media":0,"comment_status":"closed","ping_status":"open","sticky":false,"template":"","format":"standard","meta":[],"categories":[13],"tags":[],"_links":{"self":[{"href":"https:\/\/flamenco-eva.ch\/index.php?rest_route=\/wp\/v2\/posts\/238"}],"collection":[{"href":"https:\/\/flamenco-eva.ch\/index.php?rest_route=\/wp\/v2\/posts"}],"about":[{"href":"https:\/\/flamenco-eva.ch\/index.php?rest_route=\/wp\/v2\/types\/post"}],"author":[{"embeddable":true,"href":"https:\/\/flamenco-eva.ch\/index.php?rest_route=\/wp\/v2\/users\/1"}],"replies":[{"embeddable":true,"href":"https:\/\/flamenco-eva.ch\/index.php?rest_route=%2Fwp%2Fv2%2Fcomments&post=238"}],"version-history":[{"count":1,"href":"https:\/\/flamenco-eva.ch\/index.php?rest_route=\/wp\/v2\/posts\/238\/revisions"}],"predecessor-version":[{"id":239,"href":"https:\/\/flamenco-eva.ch\/index.php?rest_route=\/wp\/v2\/posts\/238\/revisions\/239"}],"wp:attachment":[{"href":"https:\/\/flamenco-eva.ch\/index.php?rest_route=%2Fwp%2Fv2%2Fmedia&parent=238"}],"wp:term":[{"taxonomy":"category","embeddable":true,"href":"https:\/\/flamenco-eva.ch\/index.php?rest_route=%2Fwp%2Fv2%2Fcategories&post=238"},{"taxonomy":"post_tag","embeddable":true,"href":"https:\/\/flamenco-eva.ch\/index.php?rest_route=%2Fwp%2Fv2%2Ftags&post=238"}],"curies":[{"name":"wp","href":"https:\/\/api.w.org\/{rel}","templated":true}]}}