{"id":796,"date":"2025-06-05T13:35:00","date_gmt":"2025-06-05T11:35:00","guid":{"rendered":"https:\/\/flamenco-eva.ch\/?p=796"},"modified":"2025-06-05T13:36:44","modified_gmt":"2025-06-05T11:36:44","slug":"grand-spectacle-a-daillens-2026","status":"publish","type":"post","link":"https:\/\/flamenco-eva.ch\/?p=796","title":{"rendered":"Grand spectacle \u00e0 Daillens 2026"},"content":{"rendered":"\n<p>R\u00e9servez d\u00e9j\u00e0 le samedi 13 juin 2026 pour notre grand spectacle! <\/p>\n","protected":false},"excerpt":{"rendered":"<p>R\u00e9servez d\u00e9j\u00e0 le samedi 13 juin 2026 pour notre grand spectacle!<\/p>\n","protected":false},"author":2,"featured_media":0,"comment_status":"closed","ping_status":"open","sticky":false,"template":"","format":"standard","meta":[],"categories":[13],"tags":[],"_links":{"self":[{"href":"https:\/\/flamenco-eva.ch\/index.php?rest_route=\/wp\/v2\/posts\/796"}],"collection":[{"href":"https:\/\/flamenco-eva.ch\/index.php?rest_route=\/wp\/v2\/posts"}],"about":[{"href":"https:\/\/flamenco-eva.ch\/index.php?rest_route=\/wp\/v2\/types\/post"}],"author":[{"embeddable":true,"href":"https:\/\/flamenco-eva.ch\/index.php?rest_route=\/wp\/v2\/users\/2"}],"replies":[{"embeddable":true,"href":"https:\/\/flamenco-eva.ch\/index.php?rest_route=%2Fwp%2Fv2%2Fcomments&post=796"}],"version-history":[{"count":4,"href":"https:\/\/flamenco-eva.ch\/index.php?rest_route=\/wp\/v2\/posts\/796\/revisions"}],"predecessor-version":[{"id":804,"href":"https:\/\/flamenco-eva.ch\/index.php?rest_route=\/wp\/v2\/posts\/796\/revisions\/804"}],"wp:attachment":[{"href":"https:\/\/flamenco-eva.ch\/index.php?rest_route=%2Fwp%2Fv2%2Fmedia&parent=796"}],"wp:term":[{"taxonomy":"category","embeddable":true,"href":"https:\/\/flamenco-eva.ch\/index.php?rest_route=%2Fwp%2Fv2%2Fcategories&post=796"},{"taxonomy":"post_tag","embeddable":true,"href":"https:\/\/flamenco-eva.ch\/index.php?rest_route=%2Fwp%2Fv2%2Ftags&post=796"}],"curies":[{"name":"wp","href":"https:\/\/api.w.org\/{rel}","templated":true}]}}